{"id":262,"date":"2022-07-19T16:30:40","date_gmt":"2022-07-19T16:30:40","guid":{"rendered":"https:\/\/abogadosjmalca.com\/?p=262"},"modified":"2022-07-19T16:34:43","modified_gmt":"2022-07-19T16:34:43","slug":"tarjeta-de-residencia-de-familiar-comunitario","status":"publish","type":"post","link":"https:\/\/abogadosjmalca.com\/index.php\/2022\/07\/19\/tarjeta-de-residencia-de-familiar-comunitario\/","title":{"rendered":"TARJETA DE RESIDENCIA DE FAMILIAR COMUNITARIO (CONYUGE)"},"content":{"rendered":"\t\t<div data-elementor-type=\"wp-post\" data-elementor-id=\"262\" class=\"elementor elementor-262\">\n\t\t\t\t\t\t<div class=\"elementor-inner\">\n\t\t\t\t<div class=\"elementor-section-wrap\">\n\t\t\t\t\t\t\t\t\t<section class=\"elementor-section elementor-top-section elementor-element elementor-element-80a6657 elementor-section-boxed elementor-section-height-default elementor-section-height-default\" data-id=\"80a6657\" data-element_type=\"section\">\n\t\t\t\t\t\t<div class=\"elementor-container elementor-column-gap-default\">\n\t\t\t\t\t\t\t<div class=\"elementor-row\">\n\t\t\t\t\t<div class=\"elementor-column elementor-col-100 elementor-top-column elementor-element elementor-element-8ca6bd5\" data-id=\"8ca6bd5\" data-element_type=\"column\">\n\t\t\t<div class=\"elementor-column-wrap elementor-element-populated\">\n\t\t\t\t\t\t\t<div class=\"elementor-widget-wrap\">\n\t\t\t\t\t\t<div class=\"elementor-element elementor-element-6cf99f4 elementor-widget elementor-widget-text-editor\" data-id=\"6cf99f4\" data-element_type=\"widget\" data-widget_type=\"text-editor.default\">\n\t\t\t\t<div class=\"elementor-widget-container\">\n\t\t\t\t\t\t\t\t<div class=\"elementor-text-editor elementor-clearfix\">\n\t\t\t\t<p><strong><u>TARJETA DE RESIDENCIA DE FAMILIAR DE COMUNITARIO (CONYUGE)<\/u><\/strong><\/p>\n<p><strong style=\"color: var( --e-global-color-text ); font-family: var( --e-global-typography-text-font-family ), Sans-serif;\">Procedimiento Abreviado 200\/2020 <\/strong><strong style=\"color: var( --e-global-color-text ); font-family: var( --e-global-typography-text-font-family ), Sans-serif;\">E<\/strong><\/p>\n<p><strong>N\u00famero de sentencia 309\/2020, del 9 de diciembre de 2020, del Juzgado de lo Contencioso-Administrativo n\u00ba 32 de Madrid. <\/strong><\/p>\n<p><strong>Letrada: Do\u00f1a Juana Mar\u00eda Malca Leo, colegiada 51709.<\/strong><\/p>\n<p>Se interpone recurso contencioso administrativo que da lugar al citado procedimiento abreviado por el cual pretende dejarse sin efecto la actuaci\u00f3n administrativa, procedente de la Delegaci\u00f3n del Gobierno en Madrid; debi\u00e9ndose determinar en esta sentencia la adecuaci\u00f3n o no a Derecho de la resoluci\u00f3n de fecha 7 de noviembre de 2019, que deneg\u00f3 la pretendida tarjeta de residencia temporal de familiar de<\/p>\n<p>ciudadano de la Uni\u00f3n Europea, as\u00ed como la posterior desestimaci\u00f3n presunta (silencio administrativo negativo) del recurso de alzada promovido por el aqu\u00ed demandante con fecha 20 de diciembre del 2019.<\/p>\n<p>El acto administrativo deniega dicha solicitud \u201c<em>por razones de orden p\u00fablico, seguridad p\u00fablica y salud p\u00fablica y est\u00e1 fundada exclusivamente en la conducta personal del solicitante, ya que se considera que constituye amenaza real, actual y suficientemente grave que acepta al inter\u00e9s fundamental de la sociedad\u2026\u201d. <\/em><\/p>\n<p>\u00c9sta supuesta puesta en peligro del orden social se debe a que el recurrente cuenta con antecedentes policiales y penales.<\/p>\n<p>El tribunal estima el recurso en su totalidad y lo hace en base a un argumentaci\u00f3n jur\u00eddica que gira en torno a dos elementos fundamentales.<\/p>\n<ul>\n<li>Para la obtenci\u00f3n de la tarjeta de residencia temporal por ser familiar de ciudadano de la Uni\u00f3n Europea hay que atenerse a lo dispuesto en los <strong>art\u00edculos 1, 2 y 15 del Real Decreto 240\/2007<\/strong> del 16 de febrero donde se establecen una serie de requisitos para la obtenci\u00f3n de dicha tarjeta. En el caso de la sentencia recurrida se alega que la entrega en este caso de la autorizaci\u00f3n comportar\u00eda un riesgo para el orden publico espa\u00f1ol tutelado en numerosos preceptos legales, entre otros en el art. 15 de este Real Decreto. Este tribunal establece que las <strong>medidas previstas<\/strong> en dicho art\u00edculo -impedir la entrada en Espa\u00f1a; denegar la inscripci\u00f3n en el Registro Central de Extranjeros; desestimar la expedici\u00f3n o la renovaci\u00f3n de las tarjetas de residencia previstas en el mencionado Real Decreto; y, en fin, ordenar la expulsi\u00f3n o devoluci\u00f3n del territorio espa\u00f1ol-, tan s\u00f3lo podr\u00e1 adoptarse si existen <strong>motivos graves de orden p\u00fablico o seguridad p\u00fablica.<\/strong><\/li>\n<\/ul>\n<p>En este caso el delito al que se refiere la escasa motivaci\u00f3n que aporta la resoluci\u00f3n fue cometido hace 10 a\u00f1os y la condena impuesta fue debidamente cumplida hace 4 a\u00f1os. As\u00ed pues y dado el car\u00e1cter reeducativo y de reinserci\u00f3n del sistema penal espa\u00f1ol, se considera que <strong>la mera existencia de antecedentes penales <\/strong>no es \u00f3bice para la adopci\u00f3n de este tipo de medidas pues acorde con mencionado Real Decreto (y con jurisprudencia) debe existir un riesgo actual y real de alteraci\u00f3n del orden p\u00fablico.<\/p>\n<p><\/p>\n<ul>\n<li>El segundo fundamento jur\u00eddico alegado en esta sentencia es el del <strong>concepto de arraigo<\/strong>. Para la definici\u00f3n de este se utiliza el art\u00edculo 124.2 del Real Decreto 557\/2011, de 20 de abril, por el que se aprueba el Reglamento de la <strong>Ley Org\u00e1nica 4\/2000, de 11 de enero<\/strong>, sobre derechos y libertades de los extranjeros en Espa\u00f1a y su integraci\u00f3n social, tras su reforma por la Ley Org\u00e1nica 2\/2009. Esta definici\u00f3n se complementa con la propia del Derecho de Extranjer\u00eda adoptada de la jurisprudencia, sentencia de la <strong>Sala Tercera del Tribunal Supremo<\/strong> de 15 de enero de 1997 o 7 de junio de 2007, entre otras. Queda as\u00ed establecido un concepto de arraigo que da lugar a tres posibles arraigos, social, laboral y familiar.<\/li>\n<\/ul>\n<p>La sentencia da unas notas acerca de este concepto de arraigo que son las siguientes:<\/p>\n<p>1\u00aa) La situaci\u00f3n de arraigo se concreta en un <strong>estatus individual y personal<\/strong> derivado de<\/p>\n<p>circunstancias como la realizaci\u00f3n de cursos y estudios, la reagrupaci\u00f3n familiar, la<\/p>\n<p>integraci\u00f3n en la misma, el disfrute del permiso de trabajo o el haber sido previamente titular de permisos de residencia.<\/p>\n<p>2\u00aa) El arraigo ha de concretarse en la existencia de una <strong>serie de v\u00ednculos<\/strong> que unen con<\/p>\n<p>Espa\u00f1a al extranjero, tanto de tipo familiar, como de naturaleza social, econ\u00f3mica, laboral o acad\u00e9mica.<\/p>\n<p>3\u00aa) Los mencionados v\u00ednculos deben presentar suficiente entidad y <strong>relevancia <\/strong>para<\/p>\n<p>apreciar el inter\u00e9s del recurrente en residir en el pa\u00eds.<\/p>\n<p>4\u00aa) Desde un punto de vista subjetivo, el arraigo debe <strong>quedar acreditado<\/strong> por la<\/p>\n<p>concurrencia de dicho inter\u00e9s personal, mientras que, desde una perspectiva objetiva, ha de constatarse en funci\u00f3n de elementos demostrativos y justificativos de aquellos v\u00ednculos familiares, sociales, econ\u00f3micos, laborales o acad\u00e9micos.<\/p>\n<p>As\u00ed, en el caso queda acreditado el arraigo dado que el recurrente <strong>contrajo matrimonio<\/strong> hace veintinueve a\u00f1os, teniendo su <strong>c\u00f3nyuge nacionalidad espa\u00f1ola<\/strong> desde 2009 <strong>e hijos comunes residentes en Espa\u00f1a con nacionalidad espa\u00f1ola<\/strong>.<\/p>\n<p>Todas estas circunstancias llevan al Juzgado a estimar el recurso en su totalidad, sin imponer costas a ninguna de las partes litigantes del proceso.<\/p>\t\t\t\t\t<\/div>\n\t\t\t\t\t\t<\/div>\n\t\t\t\t<\/div>\n\t\t\t\t\t\t<\/div>\n\t\t\t\t\t<\/div>\n\t\t<\/div>\n\t\t\t\t\t\t\t\t<\/div>\n\t\t\t\t\t<\/div>\n\t\t<\/section>\n\t\t\t\t\t\t\t\t\t<\/div>\n\t\t\t<\/div>\n\t\t\t\t\t<\/div>\n\t\t","protected":false},"excerpt":{"rendered":"<p>TARJETA DE RESIDENCIA DE FAMILIAR DE COMUNITARIO (CONYUGE) Procedimiento Abreviado 200\/2020 E N\u00famero de sentencia 309\/2020,<\/p>\n<div class=\"bottom-meta clearfix\">\n<ul class=\"bottom-meta-list\">\n<li>\n<div class=\"post-more\"><a class=\"read-more\" href=\"https:\/\/abogadosjmalca.com\/index.php\/2022\/07\/19\/tarjeta-de-residencia-de-familiar-comunitario\/\">Read More<\/a><\/div>\n<\/li>\n<\/ul>\n<\/div>\n","protected":false},"author":1,"featured_media":0,"comment_status":"open","ping_status":"closed","sticky":false,"template":"","format":"standard","meta":{"footnotes":""},"categories":[1],"tags":[],"_links":{"self":[{"href":"https:\/\/abogadosjmalca.com\/index.php\/wp-json\/wp\/v2\/posts\/262"}],"collection":[{"href":"https:\/\/abogadosjmalca.com\/index.php\/wp-json\/wp\/v2\/posts"}],"about":[{"href":"https:\/\/abogadosjmalca.com\/index.php\/wp-json\/wp\/v2\/types\/post"}],"author":[{"embeddable":true,"href":"https:\/\/abogadosjmalca.com\/index.php\/wp-json\/wp\/v2\/users\/1"}],"replies":[{"embeddable":true,"href":"https:\/\/abogadosjmalca.com\/index.php\/wp-json\/wp\/v2\/comments?post=262"}],"version-history":[{"count":5,"href":"https:\/\/abogadosjmalca.com\/index.php\/wp-json\/wp\/v2\/posts\/262\/revisions"}],"predecessor-version":[{"id":267,"href":"https:\/\/abogadosjmalca.com\/index.php\/wp-json\/wp\/v2\/posts\/262\/revisions\/267"}],"wp:attachment":[{"href":"https:\/\/abogadosjmalca.com\/index.php\/wp-json\/wp\/v2\/media?parent=262"}],"wp:term":[{"taxonomy":"category","embeddable":true,"href":"https:\/\/abogadosjmalca.com\/index.php\/wp-json\/wp\/v2\/categories?post=262"},{"taxonomy":"post_tag","embeddable":true,"href":"https:\/\/abogadosjmalca.com\/index.php\/wp-json\/wp\/v2\/tags?post=262"}],"curies":[{"name":"wp","href":"https:\/\/api.w.org\/{rel}","templated":true}]}}