{"id":274,"date":"2022-10-21T09:49:59","date_gmt":"2022-10-21T09:49:59","guid":{"rendered":"https:\/\/abogadosjmalca.com\/?p=274"},"modified":"2022-10-21T09:53:13","modified_gmt":"2022-10-21T09:53:13","slug":"nuevos-metodos-de-obtencion-de-la-nacionalidad-espanola-segun-la-ley-20-2022-de-19-de-octubre-de-memoria-democratica","status":"publish","type":"post","link":"https:\/\/abogadosjmalca.com\/index.php\/2022\/10\/21\/nuevos-metodos-de-obtencion-de-la-nacionalidad-espanola-segun-la-ley-20-2022-de-19-de-octubre-de-memoria-democratica\/","title":{"rendered":"Nuevos m\u00e9todos de obtenci\u00f3n de la nacionalidad espa\u00f1ola seg\u00fan la Ley 20\/2022, de 19 de octubre, de Memoria Democr\u00e1tica"},"content":{"rendered":"\t\t<div data-elementor-type=\"wp-post\" data-elementor-id=\"274\" class=\"elementor elementor-274\">\n\t\t\t\t\t\t<div class=\"elementor-inner\">\n\t\t\t\t<div class=\"elementor-section-wrap\">\n\t\t\t\t\t\t\t\t\t<section class=\"elementor-section elementor-top-section elementor-element elementor-element-ec1837a elementor-section-boxed elementor-section-height-default elementor-section-height-default\" data-id=\"ec1837a\" data-element_type=\"section\">\n\t\t\t\t\t\t<div class=\"elementor-container elementor-column-gap-default\">\n\t\t\t\t\t\t\t<div class=\"elementor-row\">\n\t\t\t\t\t<div class=\"elementor-column elementor-col-100 elementor-top-column elementor-element elementor-element-be239f0\" data-id=\"be239f0\" data-element_type=\"column\">\n\t\t\t<div class=\"elementor-column-wrap elementor-element-populated\">\n\t\t\t\t\t\t\t<div class=\"elementor-widget-wrap\">\n\t\t\t\t\t\t<div class=\"elementor-element elementor-element-01be24a elementor-widget elementor-widget-text-editor\" data-id=\"01be24a\" data-element_type=\"widget\" data-widget_type=\"text-editor.default\">\n\t\t\t\t<div class=\"elementor-widget-container\">\n\t\t\t\t\t\t\t\t<div class=\"elementor-text-editor elementor-clearfix\">\n\t\t\t\t<p class=\"MsoNormal\" style=\"text-align: justify;\"><span style=\"font-size: 12.0pt; line-height: 107%; mso-bidi-font-family: Calibri; mso-bidi-theme-font: minor-latin;\">La publicaci\u00f3n en el BOE este 19 de octubre de 2022 de la Ley de Memoria Democr\u00e1tica, ofrece nuevas formas de obtener la nacionalidad espa\u00f1ola.<\/span><\/p><p class=\"MsoNormal\" style=\"text-align: justify;\"><span style=\"font-size: 12.0pt; line-height: 107%; mso-bidi-font-family: Calibri; mso-bidi-theme-font: minor-latin;\">De este modo, podr\u00e1n obtener la nacionalidad espa\u00f1ola (y sin tener que cumplir con el requisito de renuncia a su anterior nacionalidad del art\u00edculo 23, b) del C\u00f3digo Civil aquellas personas que: <\/span><\/p><p class=\"MsoListParagraphCxSpFirst\" style=\"margin-left: 44.25pt; mso-add-space: auto; text-align: justify; text-indent: -18.0pt; mso-list: l1 level1 lfo1;\"><!-- [if !supportLists]--><span style=\"font-size: 12.0pt; line-height: 107%; font-family: Symbol; mso-fareast-font-family: Symbol; mso-bidi-font-family: Symbol;\">\u00b7<span style=\"font-variant-numeric: normal; font-variant-east-asian: normal; font-stretch: normal; font-size: 7pt; line-height: normal; font-family: 'Times New Roman';\">\u00a0\u00a0\u00a0\u00a0\u00a0\u00a0\u00a0\u00a0 <\/span><\/span><!--[endif]--><span style=\"font-size: 12.0pt; line-height: 107%; mso-bidi-font-family: Calibri; mso-bidi-theme-font: minor-latin;\">Fueran <b>integrantes de las Brigadas Internacionales<\/b> que participaron en la Guerra Civil (de 1936 a 1939).<\/span><\/p><p class=\"MsoListParagraphCxSpLast\" style=\"margin-left: 44.25pt; mso-add-space: auto; text-align: justify; text-indent: -18.0pt; mso-list: l1 level1 lfo1;\"><!-- [if !supportLists]--><span style=\"font-size: 12.0pt; line-height: 107%; font-family: Symbol; mso-fareast-font-family: Symbol; mso-bidi-font-family: Symbol;\">\u00b7<span style=\"font-variant-numeric: normal; font-variant-east-asian: normal; font-stretch: normal; font-size: 7pt; line-height: normal; font-family: 'Times New Roman';\">\u00a0\u00a0\u00a0\u00a0\u00a0\u00a0\u00a0\u00a0 <\/span><\/span><!--[endif]--><b><span style=\"font-size: 12.0pt; line-height: 107%; mso-bidi-font-family: Calibri; mso-bidi-theme-font: minor-latin;\">Fueran descendientes de los brigadistas<\/span><\/b><span style=\"font-size: 12.0pt; line-height: 107%; mso-bidi-font-family: Calibri; mso-bidi-theme-font: minor-latin;\"> que acrediten una labor continuada de difusi\u00f3n de la memoria de sus ascendientes y la defensa de la democracia en Espa\u00f1a.<\/span><\/p><p class=\"MsoNormal\" style=\"text-align: justify;\"><span style=\"font-size: 12.0pt; line-height: 107%; mso-bidi-font-family: Calibri; mso-bidi-theme-font: minor-latin;\">Si bien, se anuncia que los requisitos y procedimientos para obtener la nacionalidad a trav\u00e9s descrito en este art\u00edculo tendr\u00e1n un desarrollo reglamentario posterior. <\/span><\/p><p class=\"MsoNormal\" style=\"text-align: justify;\"><span style=\"font-size: 12.0pt; line-height: 107%; mso-bidi-font-family: Calibri; mso-bidi-theme-font: minor-latin;\">A su vez, se incluye la posibilidad de que (siempre a los efectos del art\u00edculo 20 del C\u00f3digo Civil):<\/span><\/p><p class=\"MsoListParagraphCxSpFirst\" style=\"text-align: justify; text-indent: -18.0pt; mso-list: l0 level1 lfo2;\"><!-- [if !supportLists]--><span style=\"font-size: 12.0pt; line-height: 107%; font-family: Symbol; mso-fareast-font-family: Symbol; mso-bidi-font-family: Symbol;\">\u00b7<span style=\"font-variant-numeric: normal; font-variant-east-asian: normal; font-stretch: normal; font-size: 7pt; line-height: normal; font-family: 'Times New Roman';\">\u00a0\u00a0\u00a0\u00a0\u00a0\u00a0\u00a0\u00a0 <\/span><\/span><!--[endif]--><b><span style=\"font-size: 12.0pt; line-height: 107%; mso-bidi-font-family: Calibri; mso-bidi-theme-font: minor-latin;\">Los nacidos de padre, madre, abuelo o abuela espa\u00f1oles<\/span><\/b><span style=\"font-size: 12.0pt; line-height: 107%; mso-bidi-font-family: Calibri; mso-bidi-theme-font: minor-latin;\">, como consecuencia de haber sufrido exilio por razones pol\u00edticas, ideol\u00f3gicas o de creencia o de orientaci\u00f3n e identidad sexual, hubieran perdido o renunciado a la nacionalidad espa\u00f1ola, podr\u00e1n optar a la nacionalidad espa\u00f1ola. <\/span><\/p><p class=\"MsoListParagraphCxSpMiddle\" style=\"text-align: justify; text-indent: -18.0pt; mso-list: l0 level1 lfo2;\"><!-- [if !supportLists]--><span style=\"font-size: 12.0pt; line-height: 107%; font-family: Symbol; mso-fareast-font-family: Symbol; mso-bidi-font-family: Symbol;\">\u00b7<span style=\"font-variant-numeric: normal; font-variant-east-asian: normal; font-stretch: normal; font-size: 7pt; line-height: normal; font-family: 'Times New Roman';\">\u00a0\u00a0\u00a0\u00a0\u00a0\u00a0\u00a0\u00a0 <\/span><\/span><!--[endif]--><b><span style=\"font-size: 12.0pt; line-height: 107%; mso-bidi-font-family: Calibri; mso-bidi-theme-font: minor-latin;\">Los hijos e hijas de madre espa\u00f1ola, <\/span><\/b><span style=\"font-size: 12.0pt; line-height: 107%; mso-bidi-font-family: Calibri; mso-bidi-theme-font: minor-latin;\">que hubiese perdido la nacionalidad espa\u00f1ola por haber contra\u00eddo matrimonio con un extranjero antes de la entrada en vigor de la Constituci\u00f3n de 1978, tambi\u00e9n podr\u00e1n solicitar la nacionalidad espa\u00f1ola. <\/span><\/p><p class=\"MsoListParagraphCxSpLast\" style=\"text-align: justify; text-indent: -18.0pt; mso-list: l0 level1 lfo2;\"><!-- [if !supportLists]--><span style=\"font-size: 12.0pt; line-height: 107%; font-family: Symbol; mso-fareast-font-family: Symbol; mso-bidi-font-family: Symbol;\">\u00b7<span style=\"font-variant-numeric: normal; font-variant-east-asian: normal; font-stretch: normal; font-size: 7pt; line-height: normal; font-family: 'Times New Roman';\">\u00a0\u00a0\u00a0\u00a0\u00a0\u00a0\u00a0\u00a0 <\/span><\/span><!--[endif]--><b><span style=\"font-size: 12.0pt; line-height: 107%; mso-bidi-font-family: Calibri; mso-bidi-theme-font: minor-latin;\">Hijos e hijas mayores de edad de aquellos espa\u00f1oles, <\/span><\/b><span style=\"font-size: 12.0pt; line-height: 107%; mso-bidi-font-family: Calibri; mso-bidi-theme-font: minor-latin;\">a los que se les reconoce la nacionalidad de origen en virtud del derecho de opci\u00f3n de acuerdo a lo dispuesto a los supuestos reconocidos previamente o en la Disposici\u00f3n Adicional S\u00e9ptima de la Ley 52\/2007, de 26 de diciembre (personas cuyo padre o madre hubiese sido originariamente espa\u00f1ol podr\u00e1n optar a la nacionalidad espa\u00f1ola de origen y para los nietos de quienes perdieron o tuvieron que renunciar a la nacionalidad espa\u00f1ola como consecuencia del exilio).<\/span><\/p><p>\u00a0<\/p><p class=\"MsoNormal\" style=\"text-align: justify;\"><span style=\"font-size: 12.0pt; line-height: 107%; mso-bidi-font-family: Calibri; mso-bidi-theme-font: minor-latin;\">Para la tramitaci\u00f3n de estos tr\u00e1mites, la ley establece un plazo m\u00e1ximo de dos a\u00f1os para la tramitaci\u00f3n de la nacionalidad desde la entrada en vigor de la ley (20\/10\/2022), si bien existe la posibilidad que desde el Consejo de Ministros lo prorrogue un a\u00f1o m\u00e1s.\u00a0<\/span><\/p>\t\t\t\t\t<\/div>\n\t\t\t\t\t\t<\/div>\n\t\t\t\t<\/div>\n\t\t\t\t\t\t<\/div>\n\t\t\t\t\t<\/div>\n\t\t<\/div>\n\t\t\t\t\t\t\t\t<\/div>\n\t\t\t\t\t<\/div>\n\t\t<\/section>\n\t\t\t\t\t\t\t\t\t<\/div>\n\t\t\t<\/div>\n\t\t\t\t\t<\/div>\n\t\t","protected":false},"excerpt":{"rendered":"<p>La publicaci\u00f3n en el BOE este 19 de octubre de 2022 de la Ley de Memoria<\/p>\n<div class=\"bottom-meta clearfix\">\n<ul class=\"bottom-meta-list\">\n<li>\n<div class=\"post-more\"><a class=\"read-more\" href=\"https:\/\/abogadosjmalca.com\/index.php\/2022\/10\/21\/nuevos-metodos-de-obtencion-de-la-nacionalidad-espanola-segun-la-ley-20-2022-de-19-de-octubre-de-memoria-democratica\/\">Read More<\/a><\/div>\n<\/li>\n<\/ul>\n<\/div>\n","protected":false},"author":1,"featured_media":0,"comment_status":"open","ping_status":"closed","sticky":false,"template":"","format":"standard","meta":{"footnotes":""},"categories":[1],"tags":[],"_links":{"self":[{"href":"https:\/\/abogadosjmalca.com\/index.php\/wp-json\/wp\/v2\/posts\/274"}],"collection":[{"href":"https:\/\/abogadosjmalca.com\/index.php\/wp-json\/wp\/v2\/posts"}],"about":[{"href":"https:\/\/abogadosjmalca.com\/index.php\/wp-json\/wp\/v2\/types\/post"}],"author":[{"embeddable":true,"href":"https:\/\/abogadosjmalca.com\/index.php\/wp-json\/wp\/v2\/users\/1"}],"replies":[{"embeddable":true,"href":"https:\/\/abogadosjmalca.com\/index.php\/wp-json\/wp\/v2\/comments?post=274"}],"version-history":[{"count":3,"href":"https:\/\/abogadosjmalca.com\/index.php\/wp-json\/wp\/v2\/posts\/274\/revisions"}],"predecessor-version":[{"id":277,"href":"https:\/\/abogadosjmalca.com\/index.php\/wp-json\/wp\/v2\/posts\/274\/revisions\/277"}],"wp:attachment":[{"href":"https:\/\/abogadosjmalca.com\/index.php\/wp-json\/wp\/v2\/media?parent=274"}],"wp:term":[{"taxonomy":"category","embeddable":true,"href":"https:\/\/abogadosjmalca.com\/index.php\/wp-json\/wp\/v2\/categories?post=274"},{"taxonomy":"post_tag","embeddable":true,"href":"https:\/\/abogadosjmalca.com\/index.php\/wp-json\/wp\/v2\/tags?post=274"}],"curies":[{"name":"wp","href":"https:\/\/api.w.org\/{rel}","templated":true}]}}